{"id":144,"date":"2020-07-20T14:42:15","date_gmt":"2020-07-20T17:42:15","guid":{"rendered":"http:\/\/cimae.org.ar\/?p=144"},"modified":"2020-07-20T14:44:06","modified_gmt":"2020-07-20T17:44:06","slug":"toda-la-informacion-de-expodema","status":"publish","type":"post","link":"https:\/\/cimae.org.ar\/index.php\/2020\/07\/20\/toda-la-informacion-de-expodema\/","title":{"rendered":"Toda la informaci\u00f3n de EXPODEMA"},"content":{"rendered":"<p>Toda la informaci\u00f3n de la Feria Internacional del Mueble, Madera y Aberturas la pod\u00e9s encontrar en su sitio oficial. www.expodema.com.<\/p>\n<p><a href=\"http:\/\/www.expodema.com\"><img loading=\"lazy\" decoding=\"async\" class=\"alignnone size-full wp-image-145\" src=\"https:\/\/cimae.org.ar\/wp-content\/uploads\/2020\/07\/web-expodema.jpg\" alt=\"\" width=\"1417\" height=\"893\" srcset=\"https:\/\/cimae.org.ar\/wp-content\/uploads\/2020\/07\/web-expodema.jpg 1417w, https:\/\/cimae.org.ar\/wp-content\/uploads\/2020\/07\/web-expodema-300x189.jpg 300w, https:\/\/cimae.org.ar\/wp-content\/uploads\/2020\/07\/web-expodema-1024x645.jpg 1024w, https:\/\/cimae.org.ar\/wp-content\/uploads\/2020\/07\/web-expodema-768x484.jpg 768w\" sizes=\"(max-width: 1417px) 100vw, 1417px\" \/><\/a><\/p>\n","protected":false},"excerpt":{"rendered":"<p>Toda la informaci\u00f3n de la Feria Internacional del Mueble, Madera y Aberturas la pod\u00e9s encontrar<\/p>\n","protected":false},"author":1,"featured_media":73,"comment_status":"open","ping_status":"closed","sticky":false,"template":"","format":"standard","meta":{"footnotes":""},"categories":[8],"tags":[],"class_list":["post-144","post","type-post","status-publish","format-standard","has-post-thumbnail","hentry","category-destacadas"],"aioseo_notices":[],"_links":{"self":[{"href":"https:\/\/cimae.org.ar\/index.php\/wp-json\/wp\/v2\/posts\/144"}],"collection":[{"href":"https:\/\/cimae.org.ar\/index.php\/wp-json\/wp\/v2\/posts"}],"about":[{"href":"https:\/\/cimae.org.ar\/index.php\/wp-json\/wp\/v2\/types\/post"}],"author":[{"embeddable":true,"href":"https:\/\/cimae.org.ar\/index.php\/wp-json\/wp\/v2\/users\/1"}],"replies":[{"embeddable":true,"href":"https:\/\/cimae.org.ar\/index.php\/wp-json\/wp\/v2\/comments?post=144"}],"version-history":[{"count":3,"href":"https:\/\/cimae.org.ar\/index.php\/wp-json\/wp\/v2\/posts\/144\/revisions"}],"predecessor-version":[{"id":148,"href":"https:\/\/cimae.org.ar\/index.php\/wp-json\/wp\/v2\/posts\/144\/revisions\/148"}],"wp:featuredmedia":[{"embeddable":true,"href":"https:\/\/cimae.org.ar\/index.php\/wp-json\/wp\/v2\/media\/73"}],"wp:attachment":[{"href":"https:\/\/cimae.org.ar\/index.php\/wp-json\/wp\/v2\/media?parent=144"}],"wp:term":[{"taxonomy":"category","embeddable":true,"href":"https:\/\/cimae.org.ar\/index.php\/wp-json\/wp\/v2\/categories?post=144"},{"taxonomy":"post_tag","embeddable":true,"href":"https:\/\/cimae.org.ar\/index.php\/wp-json\/wp\/v2\/tags?post=144"}],"curies":[{"name":"wp","href":"https:\/\/api.w.org\/{rel}","templated":true}]}}