{"id":306,"date":"2020-10-06T19:08:59","date_gmt":"2020-10-06T22:08:59","guid":{"rendered":"http:\/\/cimae.org.ar\/?p=306"},"modified":"2020-10-06T19:08:59","modified_gmt":"2020-10-06T22:08:59","slug":"indicadores-laborales-en-la-industria-no-9-2020","status":"publish","type":"post","link":"https:\/\/cimae.org.ar\/index.php\/2020\/10\/06\/indicadores-laborales-en-la-industria-no-9-2020\/","title":{"rendered":"Indicadores laborales en la Industria N\u00ba 9 &#8211; 2020"},"content":{"rendered":"<p>En junio volvi\u00f3 a retroceder el n\u00famero de asalariados registrados del sector privado. En comparaci\u00f3n con 2019, la cantidad de puestos de trabajo disminuy\u00f3 -4,8% i.a. (-289,6 mil puestos). Para la industria, la ca\u00edda interanual en junio fue del -2,7% (-30.195 puestos). A pesar de las fuertes ca\u00eddas interanuales del empleo algunas contracciones comenzaron a desacelerarse en t\u00e9rminos mensuales y, en algunos casos, a revertirse en el margen.<\/p>\n<p><a href=\"https:\/\/uiaorgar-cmsdev.s3.amazonaws.com\/pdf\/Indicadores_laborales_en_la_industria_2020.06.pdf?X-Amz-Credential=AKIAJXL23AJMKLGIZFNA%2F20201006%2Fus-east-1%2Fs3%2Faws4_request&amp;X-Amz-Expires=3600&amp;X-Amz-SignedHeaders=host&amp;X-Amz-Algorithm=AWS4-HMAC-SHA256&amp;X-Amz-Date=20201006T221759Z&amp;X-Amz-Signature=f7c216030e2269112839588be190d36d297ef5e47c14d45ee91f1cba0658ff07\">VER INFORME<\/a><\/p>\n","protected":false},"excerpt":{"rendered":"<p>En junio volvi\u00f3 a retroceder el n\u00famero de asalariados registrados del sector privado. En comparaci\u00f3n<\/p>\n","protected":false},"author":1,"featured_media":307,"comment_status":"open","ping_status":"closed","sticky":false,"template":"","format":"standard","meta":{"footnotes":""},"categories":[5],"tags":[],"class_list":["post-306","post","type-post","status-publish","format-standard","has-post-thumbnail","hentry","category-noticias-del-sector"],"aioseo_notices":[],"_links":{"self":[{"href":"https:\/\/cimae.org.ar\/index.php\/wp-json\/wp\/v2\/posts\/306"}],"collection":[{"href":"https:\/\/cimae.org.ar\/index.php\/wp-json\/wp\/v2\/posts"}],"about":[{"href":"https:\/\/cimae.org.ar\/index.php\/wp-json\/wp\/v2\/types\/post"}],"author":[{"embeddable":true,"href":"https:\/\/cimae.org.ar\/index.php\/wp-json\/wp\/v2\/users\/1"}],"replies":[{"embeddable":true,"href":"https:\/\/cimae.org.ar\/index.php\/wp-json\/wp\/v2\/comments?post=306"}],"version-history":[{"count":1,"href":"https:\/\/cimae.org.ar\/index.php\/wp-json\/wp\/v2\/posts\/306\/revisions"}],"predecessor-version":[{"id":308,"href":"https:\/\/cimae.org.ar\/index.php\/wp-json\/wp\/v2\/posts\/306\/revisions\/308"}],"wp:featuredmedia":[{"embeddable":true,"href":"https:\/\/cimae.org.ar\/index.php\/wp-json\/wp\/v2\/media\/307"}],"wp:attachment":[{"href":"https:\/\/cimae.org.ar\/index.php\/wp-json\/wp\/v2\/media?parent=306"}],"wp:term":[{"taxonomy":"category","embeddable":true,"href":"https:\/\/cimae.org.ar\/index.php\/wp-json\/wp\/v2\/categories?post=306"},{"taxonomy":"post_tag","embeddable":true,"href":"https:\/\/cimae.org.ar\/index.php\/wp-json\/wp\/v2\/tags?post=306"}],"curies":[{"name":"wp","href":"https:\/\/api.w.org\/{rel}","templated":true}]}}