{"id":66,"date":"2020-06-08T14:13:50","date_gmt":"2020-06-08T17:13:50","guid":{"rendered":"http:\/\/cimae.org.ar\/?p=66"},"modified":"2020-07-13T14:16:15","modified_gmt":"2020-07-13T17:16:15","slug":"faima-renovo-sus-autoridades","status":"publish","type":"post","link":"https:\/\/cimae.org.ar\/index.php\/2020\/06\/08\/faima-renovo-sus-autoridades\/","title":{"rendered":"FAIMA renov\u00f3 sus autoridades"},"content":{"rendered":"<p style=\"font-weight: 400;\"><b>Rom\u00e1n Queiroz es el nuevo Presidente.<\/b><\/p>\n<p style=\"font-weight: 400;\">La\u00a0<strong>Federaci\u00f3n Argentina de la Industria Maderera y Afines (FAIMA)<\/strong>\u00a0renov\u00f3 sus autoridades en el marco de una asamblea realizada por primera vez en forma virtual. Representantes de las 28 c\u00e1maras que integran la Federaci\u00f3n en todo el pa\u00eds eligieron a Rom\u00e1n Queiroz como nuevo Presidente, a Soledad Milajer como Secretaria General y a Daniel Loutaif como Tesorero, por un per\u00edodo de 2 a\u00f1os.<!--more--><\/p>\n<p style=\"font-weight: 400;\">Rom\u00e1n Queiroz participa en FAIMA desde el 2011, habiendo ocupado los cargos de vocal suplente, vocal titular, prosecretario gremial, paritario y secretario general.\u00a0\u00a0Actualmente, tambi\u00e9n es Presidente de la Asociaci\u00f3n Maderera Aserraderos y Afines del Alto Paran\u00e1 (AMAYADAP) en Misiones, en la que participa desde 2008.<\/p>\n<p style=\"font-weight: 400;\">Por su parte, Soledad Milajer participa en FAIMA desde 2015, habiendo ocupado la Vicrepresidencia 3\u00b0 por cuatro a\u00f1os en el per\u00edodo anterior.\u00a0\u00a0Adem\u00e1s, acaba de finalizar su segundo mandato como Presidente de la C\u00e1mara de la Madera, Mueble y Equipamiento (CAMMEC) de C\u00f3rdoba, en la que interviene desde hace 13 a\u00f1os y donde ocup\u00f3 tambi\u00e9n la vicepresidencia, secretar\u00eda y vocal\u00eda. Cabe destacar que por primera vez en FAIMA el cargo de Secretaria General es ocupado por una mujer.\u00a0\u00a0Milajer tambi\u00e9n fue la primera Presidente mujer en CAMMEC.<\/p>\n<p style=\"font-weight: 400;\">Daniel Loutaif participa en FAIMA desde 2012 y desde hace 8 a\u00f1os es Presidente del Centro de Obrajeros del Norte, de Or\u00e1n, Salta, donde interviene desde hace 20 a\u00f1os.<\/p>\n<p style=\"font-weight: 400;\">\u201c<em>Esta etapa nueva que comienza necesita ser acompa\u00f1ada con cambios de todas las c\u00e1maras que integran FAIMA para lograr juntos una evoluci\u00f3n a partir de nuevas miradas anal\u00edticas. Somos un sector muy heterog\u00e9neo en todo el pa\u00eds, por lo que me comprometo a escuchar las necesidades de cada c\u00e1mara, de cada regi\u00f3n, para poder definir las l\u00edneas de acci\u00f3n correspondientes<\/em>\u201d, afirm\u00f3 el presidente Rom\u00e1n Queiroz.<\/p>\n<p style=\"font-weight: 400;\">Pedro Reyna, quien finaliz\u00f3 su presidencia, ocupar\u00e1 en este nuevo per\u00edodo el cargo de Vicepresidente a cargo de la relaciones institucionales y continuar\u00e1 participando en el Comit\u00e9 Ejecutivo de la UIA.\u00a0\u201c<em>Las nuevas autoridades son referentes en sus c\u00e1maras en Misiones, C\u00f3rdoba y Salta, lo que demuestra el car\u00e1cter federal de FAIMA, integrada por 28 c\u00e1maras en todo el pa\u00eds<\/em><em>\u201d,<\/em>\u00a0destac\u00f3 Pedro Reyna, quien ocup\u00f3 la presidencia en cuatro per\u00edodos.<\/p>\n","protected":false},"excerpt":{"rendered":"<p>Rom\u00e1n Queiroz es el nuevo Presidente. La\u00a0Federaci\u00f3n Argentina de la Industria Maderera y Afines (FAIMA)\u00a0renov\u00f3<\/p>\n","protected":false},"author":1,"featured_media":67,"comment_status":"open","ping_status":"closed","sticky":false,"template":"","format":"standard","meta":{"footnotes":""},"categories":[5],"tags":[],"class_list":["post-66","post","type-post","status-publish","format-standard","has-post-thumbnail","hentry","category-noticias-del-sector"],"aioseo_notices":[],"_links":{"self":[{"href":"https:\/\/cimae.org.ar\/index.php\/wp-json\/wp\/v2\/posts\/66"}],"collection":[{"href":"https:\/\/cimae.org.ar\/index.php\/wp-json\/wp\/v2\/posts"}],"about":[{"href":"https:\/\/cimae.org.ar\/index.php\/wp-json\/wp\/v2\/types\/post"}],"author":[{"embeddable":true,"href":"https:\/\/cimae.org.ar\/index.php\/wp-json\/wp\/v2\/users\/1"}],"replies":[{"embeddable":true,"href":"https:\/\/cimae.org.ar\/index.php\/wp-json\/wp\/v2\/comments?post=66"}],"version-history":[{"count":1,"href":"https:\/\/cimae.org.ar\/index.php\/wp-json\/wp\/v2\/posts\/66\/revisions"}],"predecessor-version":[{"id":68,"href":"https:\/\/cimae.org.ar\/index.php\/wp-json\/wp\/v2\/posts\/66\/revisions\/68"}],"wp:featuredmedia":[{"embeddable":true,"href":"https:\/\/cimae.org.ar\/index.php\/wp-json\/wp\/v2\/media\/67"}],"wp:attachment":[{"href":"https:\/\/cimae.org.ar\/index.php\/wp-json\/wp\/v2\/media?parent=66"}],"wp:term":[{"taxonomy":"category","embeddable":true,"href":"https:\/\/cimae.org.ar\/index.php\/wp-json\/wp\/v2\/categories?post=66"},{"taxonomy":"post_tag","embeddable":true,"href":"https:\/\/cimae.org.ar\/index.php\/wp-json\/wp\/v2\/tags?post=66"}],"curies":[{"name":"wp","href":"https:\/\/api.w.org\/{rel}","templated":true}]}}